{"id":429,"date":"2017-06-09T09:39:08","date_gmt":"2017-06-09T07:39:08","guid":{"rendered":"http:\/\/blog.languagesmatter.com\/de\/?p=429"},"modified":"2019-01-23T11:07:47","modified_gmt":"2019-01-23T11:07:47","slug":"the-golden-calf-living-in-aix-5","status":"publish","type":"post","link":"https:\/\/ilestranslation.com\/de\/the-golden-calf-living-in-aix-5\/","title":{"rendered":"Das goldene Kalb &#8211; Leben in Aix 5"},"content":{"rendered":"<p class=\"western\" lang=\"en-US\">In Nordafrika trafen wir jemanden, der acht Jahre in M\u00fcnchen gelebt hatte und passabel deutsch sprach.<\/p>\n<p class=\"western\">Wir fragten ihn, ob er Probleme hatte, sich einzuleben und akzeptiert zu werden. Er verneinte und erz\u00e4hlte, dass er relativ schnell rausgefunden hatte, dass es zwei Dinge gibt, die Ausl\u00e4nder in Deutschland tun m\u00fcssen, um klar zu kommen: <strong><em>vern\u00fcnftig arbeiten und versuchen, Deutsch zu lernen<\/em><\/strong>. Bei der Sprache m\u00fcsse man nicht perfekt werden (bei der Arbeit schon eher ;-). Die Deutschen w\u00fcssten, dass ihre Sprache nicht so einfach sei. Aber wenn man sich bem\u00fche, w\u00e4ren sie zufrieden.<\/p>\n<p class=\"western\">Recht hat er. Anders hier: Franz\u00f6sisch nur zu stottern, ist <strong><em>verboten<\/em><\/strong>. Ein bisschen richtig, w\u00e4re schon gut. Eine Freundin, die als englische Muttersprachlerin Probleme mit dem Unterschied von u und \u00fc hat, erlebt immer wieder, dass <strong><em>Leute sie ignorieren<\/em><\/strong>, weil man sie ja eh schlecht versteht. Das kann sehr hart sein.<\/p>\n<p class=\"pull-right\">Es ist verboten, Franz\u00f6sisch zu stottern.<\/p>\n<p class=\"western\">Unser neuestes Erlebnis: Wir halten hier einen <strong><em>Vortrag \u00fcber Linguistik<\/em><\/strong>. Nat\u00fcrlich nett mit unserer Powerpoint-Pr\u00e4sentation, die wir schon h\u00e4ufiger verwendet haben. Diese haben wir \u00fcbersetzt und korrigieren lassen. Trotzdem kommt nach dem Vortrag, der sehr gut verlief und mit vielen Fragen belohnt wurde, eine Frau auf Mike zu und fragt eifrig, ob sie die Pr\u00e4sentation korrigieren d\u00fcrfte.<\/p>\n<p class=\"western\">Mike muss <strong><em>sich zusammenrei\u00dfen<\/em><\/strong>, um nicht laut aufzust\u00f6hnen oder sie sonst wohin zu schicken. Sie korrigiert also \u2013 nicht nur Fehler sondern auch Stil. Das ist sehr typisch! Man darf Fehler machen \u2013 aber nicht ewig und vor allem nicht \u00f6ffentlich und schriftlich! Und es gibt drei verschiedene Sprachniveaus: gehoben, Standard und famili\u00e4r. Wir reden nat\u00fcrlich mehr oder weniger famili\u00e4r, weil man das auf der Stra\u00dfe spricht \u2013 aber das d\u00fcrfen wir auf keinen Fall schreiben! Wird also korrigiert.<\/p>\n<p class=\"western\">Mike braucht drei Tage, um sich zu beruhigen. Zum einen ist er <strong><em>kein Perfektionist<\/em><\/strong> und macht fr\u00f6hlich alle denkbaren Fehler. Zum anderen hat das Korrigieren nat\u00fcrlich l\u00e4nger gedauert und er stand nicht mehr f\u00fcr Fragen zur Verf\u00fcgung, was erfahrungsgem\u00e4\u00df sehr wichtig ist. Aber sie lie\u00df sich nicht abwimmeln \u2026<\/p>\n<p class=\"western\">Ein weiteres Feld, wo Franzosen auf \u00e4hnliche Weise hohes Niveau lieben, ist das Essen. Immer mehrere G\u00e4nge, die gut zusammenpassen m\u00fcssen. Es kann passieren \u2013 schon selbst erlebt \u2013, dass Ausl\u00e4nder nicht mehr bedient werden, weil ihre <strong><em>Men\u00fc-Zusammenstellung<\/em><\/strong> dem Kellner nicht gef\u00e4llt. Man hat dann zwar nichts verdient, aber der Franzose arbeitet nicht um jeden Preis. Hat auch was!<\/p>\n<p class=\"western\" lang=\"en-US\">\n","protected":false},"excerpt":{"rendered":"<p>In Nordafrika trafen wir jemanden, der acht Jahre in M\u00fcnchen gelebt hatte und passabel deutsch sprach. Wir fragten ihn, ob er Probleme hatte, sich einzuleben und akzeptiert zu werden. Er verneinte und erz\u00e4hlte, dass er relativ schnell rausgefunden hatte, dass es zwei Dinge gibt, die Ausl\u00e4nder in Deutschland tun m\u00fcssen, um klar zu kommen: vern\u00fcnftig&hellip;<\/p>\n","protected":false},"author":2,"featured_media":1293,"comment_status":"open","ping_status":"open","sticky":false,"template":"","format":"standard","meta":{"footnotes":""},"categories":[2,5],"tags":[33,34,78,59,47],"class_list":["post-429","post","type-post","status-publish","format-standard","has-post-thumbnail","hentry","category-aix","category-cultural-adaptation","tag-evaluation","tag-french","tag-series-living-in-aix","tag-writing","tag-sociocultural","category-2","category-5","description-off"],"yoast_head":"<!-- This site is optimized with the Yoast SEO plugin v27.4 - https:\/\/yoast.com\/product\/yoast-seo-wordpress\/ -->\n<title>Das goldene Kalb - Leben in Aix 5 - il\u00e8s \u00dcbersetzung<\/title>\n<meta name=\"robots\" content=\"index, follow, max-snippet:-1, max-image-preview:large, max-video-preview:-1\" \/>\n<link rel=\"canonical\" href=\"https:\/\/ilestranslation.com\/de\/the-golden-calf-living-in-aix-5\/\" \/>\n<meta property=\"og:locale\" content=\"de_DE\" \/>\n<meta property=\"og:type\" content=\"article\" \/>\n<meta property=\"og:title\" content=\"Das goldene Kalb - Leben in Aix 5 - il\u00e8s \u00dcbersetzung\" \/>\n<meta property=\"og:description\" content=\"In Nordafrika trafen wir jemanden, der acht Jahre in M\u00fcnchen gelebt hatte und passabel deutsch sprach. Wir fragten ihn, ob er Probleme hatte, sich einzuleben und akzeptiert zu werden. Er verneinte und erz\u00e4hlte, dass er relativ schnell rausgefunden hatte, dass es zwei Dinge gibt, die Ausl\u00e4nder in Deutschland tun m\u00fcssen, um klar zu kommen: vern\u00fcnftig&hellip;\" \/>\n<meta property=\"og:url\" content=\"https:\/\/ilestranslation.com\/de\/the-golden-calf-living-in-aix-5\/\" \/>\n<meta property=\"og:site_name\" content=\"il\u00e8s \u00dcbersetzung\" \/>\n<meta property=\"article:publisher\" content=\"https:\/\/web.facebook.com\/ilestunis\/\" \/>\n<meta property=\"article:published_time\" content=\"2017-06-09T07:39:08+00:00\" \/>\n<meta property=\"article:modified_time\" content=\"2019-01-23T11:07:47+00:00\" \/>\n<meta property=\"og:image\" content=\"https:\/\/ilestranslation.com\/de\/wp-content\/uploads\/sites\/6\/2015\/05\/girl-647426_1920.jpg\" \/>\n\t<meta property=\"og:image:width\" content=\"1000\" \/>\n\t<meta property=\"og:image:height\" content=\"662\" \/>\n\t<meta property=\"og:image:type\" content=\"image\/jpeg\" \/>\n<meta name=\"author\" content=\"Arne\" \/>\n<meta name=\"twitter:card\" content=\"summary_large_image\" \/>\n<meta name=\"twitter:label1\" content=\"Verfasst von\" \/>\n\t<meta name=\"twitter:data1\" content=\"Arne\" \/>\n\t<meta name=\"twitter:label2\" content=\"Gesch\u00e4tzte Lesezeit\" \/>\n\t<meta name=\"twitter:data2\" content=\"2\u00a0Minuten\" \/>\n<script type=\"application\/ld+json\" class=\"yoast-schema-graph\">{\"@context\":\"https:\\\/\\\/schema.org\",\"@graph\":[{\"@type\":\"Article\",\"@id\":\"https:\\\/\\\/ilestranslation.com\\\/de\\\/the-golden-calf-living-in-aix-5\\\/#article\",\"isPartOf\":{\"@id\":\"https:\\\/\\\/ilestranslation.com\\\/de\\\/the-golden-calf-living-in-aix-5\\\/\"},\"author\":{\"name\":\"Arne\",\"@id\":\"https:\\\/\\\/ilestranslation.com\\\/de\\\/#\\\/schema\\\/person\\\/4d843af606486c82c0b8e341a1dcc00d\"},\"headline\":\"Das goldene Kalb &#8211; Leben in Aix 5\",\"datePublished\":\"2017-06-09T07:39:08+00:00\",\"dateModified\":\"2019-01-23T11:07:47+00:00\",\"mainEntityOfPage\":{\"@id\":\"https:\\\/\\\/ilestranslation.com\\\/de\\\/the-golden-calf-living-in-aix-5\\\/\"},\"wordCount\":428,\"commentCount\":0,\"publisher\":{\"@id\":\"https:\\\/\\\/ilestranslation.com\\\/de\\\/#organization\"},\"image\":{\"@id\":\"https:\\\/\\\/ilestranslation.com\\\/de\\\/the-golden-calf-living-in-aix-5\\\/#primaryimage\"},\"thumbnailUrl\":\"https:\\\/\\\/ilestranslation.com\\\/de\\\/wp-content\\\/uploads\\\/sites\\\/6\\\/2015\\\/05\\\/girl-647426_1920.jpg\",\"keywords\":[\"Evaluation\",\"Franz\u00f6sisch\",\"Leben in Aix-en-Provence\",\"Schreiben\",\"sozio-kulturell\"],\"articleSection\":[\"Aix\",\"Kulturelle Anpassung\"],\"inLanguage\":\"de\",\"potentialAction\":[{\"@type\":\"CommentAction\",\"name\":\"Comment\",\"target\":[\"https:\\\/\\\/ilestranslation.com\\\/de\\\/the-golden-calf-living-in-aix-5\\\/#respond\"]}]},{\"@type\":\"WebPage\",\"@id\":\"https:\\\/\\\/ilestranslation.com\\\/de\\\/the-golden-calf-living-in-aix-5\\\/\",\"url\":\"https:\\\/\\\/ilestranslation.com\\\/de\\\/the-golden-calf-living-in-aix-5\\\/\",\"name\":\"Das goldene Kalb - Leben in Aix 5 - il\u00e8s \u00dcbersetzung\",\"isPartOf\":{\"@id\":\"https:\\\/\\\/ilestranslation.com\\\/de\\\/#website\"},\"primaryImageOfPage\":{\"@id\":\"https:\\\/\\\/ilestranslation.com\\\/de\\\/the-golden-calf-living-in-aix-5\\\/#primaryimage\"},\"image\":{\"@id\":\"https:\\\/\\\/ilestranslation.com\\\/de\\\/the-golden-calf-living-in-aix-5\\\/#primaryimage\"},\"thumbnailUrl\":\"https:\\\/\\\/ilestranslation.com\\\/de\\\/wp-content\\\/uploads\\\/sites\\\/6\\\/2015\\\/05\\\/girl-647426_1920.jpg\",\"datePublished\":\"2017-06-09T07:39:08+00:00\",\"dateModified\":\"2019-01-23T11:07:47+00:00\",\"breadcrumb\":{\"@id\":\"https:\\\/\\\/ilestranslation.com\\\/de\\\/the-golden-calf-living-in-aix-5\\\/#breadcrumb\"},\"inLanguage\":\"de\",\"potentialAction\":[{\"@type\":\"ReadAction\",\"target\":[\"https:\\\/\\\/ilestranslation.com\\\/de\\\/the-golden-calf-living-in-aix-5\\\/\"]}]},{\"@type\":\"ImageObject\",\"inLanguage\":\"de\",\"@id\":\"https:\\\/\\\/ilestranslation.com\\\/de\\\/the-golden-calf-living-in-aix-5\\\/#primaryimage\",\"url\":\"https:\\\/\\\/ilestranslation.com\\\/de\\\/wp-content\\\/uploads\\\/sites\\\/6\\\/2015\\\/05\\\/girl-647426_1920.jpg\",\"contentUrl\":\"https:\\\/\\\/ilestranslation.com\\\/de\\\/wp-content\\\/uploads\\\/sites\\\/6\\\/2015\\\/05\\\/girl-647426_1920.jpg\",\"width\":1000,\"height\":662},{\"@type\":\"BreadcrumbList\",\"@id\":\"https:\\\/\\\/ilestranslation.com\\\/de\\\/the-golden-calf-living-in-aix-5\\\/#breadcrumb\",\"itemListElement\":[{\"@type\":\"ListItem\",\"position\":1,\"name\":\"Startseite\",\"item\":\"https:\\\/\\\/ilestranslation.com\\\/de\\\/\"},{\"@type\":\"ListItem\",\"position\":2,\"name\":\"Das goldene Kalb &#8211; Leben in Aix 5\"}]},{\"@type\":\"WebSite\",\"@id\":\"https:\\\/\\\/ilestranslation.com\\\/de\\\/#website\",\"url\":\"https:\\\/\\\/ilestranslation.com\\\/de\\\/\",\"name\":\"il\u00e8s Tunis (deutsch)\",\"description\":\"\",\"publisher\":{\"@id\":\"https:\\\/\\\/ilestranslation.com\\\/de\\\/#organization\"},\"potentialAction\":[{\"@type\":\"SearchAction\",\"target\":{\"@type\":\"EntryPoint\",\"urlTemplate\":\"https:\\\/\\\/ilestranslation.com\\\/de\\\/?s={search_term_string}\"},\"query-input\":{\"@type\":\"PropertyValueSpecification\",\"valueRequired\":true,\"valueName\":\"search_term_string\"}}],\"inLanguage\":\"de\"},{\"@type\":\"Organization\",\"@id\":\"https:\\\/\\\/ilestranslation.com\\\/de\\\/#organization\",\"name\":\"il\u00e8s Tunis\",\"url\":\"https:\\\/\\\/ilestranslation.com\\\/de\\\/\",\"logo\":{\"@type\":\"ImageObject\",\"inLanguage\":\"de\",\"@id\":\"https:\\\/\\\/ilestranslation.com\\\/de\\\/#\\\/schema\\\/logo\\\/image\\\/\",\"url\":\"https:\\\/\\\/ilestranslation.com\\\/de\\\/wp-content\\\/uploads\\\/sites\\\/6\\\/2018\\\/11\\\/Iles-I-100x34.jpg\",\"contentUrl\":\"https:\\\/\\\/ilestranslation.com\\\/de\\\/wp-content\\\/uploads\\\/sites\\\/6\\\/2018\\\/11\\\/Iles-I-100x34.jpg\",\"width\":101,\"height\":34,\"caption\":\"il\u00e8s Tunis\"},\"image\":{\"@id\":\"https:\\\/\\\/ilestranslation.com\\\/de\\\/#\\\/schema\\\/logo\\\/image\\\/\"},\"sameAs\":[\"https:\\\/\\\/web.facebook.com\\\/ilestunis\\\/\",\"https:\\\/\\\/www.linkedin.com\\\/company\\\/ilestunis\\\/\"]},{\"@type\":\"Person\",\"@id\":\"https:\\\/\\\/ilestranslation.com\\\/de\\\/#\\\/schema\\\/person\\\/4d843af606486c82c0b8e341a1dcc00d\",\"name\":\"Arne\",\"image\":{\"@type\":\"ImageObject\",\"inLanguage\":\"de\",\"@id\":\"https:\\\/\\\/secure.gravatar.com\\\/avatar\\\/12fcc44a901c49395ad6d8407b96e58538fbf9cd07c883eb001419eaf2cc6cc4?s=96&d=mm&r=g\",\"url\":\"https:\\\/\\\/secure.gravatar.com\\\/avatar\\\/12fcc44a901c49395ad6d8407b96e58538fbf9cd07c883eb001419eaf2cc6cc4?s=96&d=mm&r=g\",\"contentUrl\":\"https:\\\/\\\/secure.gravatar.com\\\/avatar\\\/12fcc44a901c49395ad6d8407b96e58538fbf9cd07c883eb001419eaf2cc6cc4?s=96&d=mm&r=g\",\"caption\":\"Arne\"},\"url\":\"https:\\\/\\\/ilestranslation.com\\\/de\\\/author\\\/arneauthor\\\/\"}]}<\/script>\n<!-- \/ Yoast SEO plugin. -->","yoast_head_json":{"title":"Das goldene Kalb - Leben in Aix 5 - il\u00e8s \u00dcbersetzung","robots":{"index":"index","follow":"follow","max-snippet":"max-snippet:-1","max-image-preview":"max-image-preview:large","max-video-preview":"max-video-preview:-1"},"canonical":"https:\/\/ilestranslation.com\/de\/the-golden-calf-living-in-aix-5\/","og_locale":"de_DE","og_type":"article","og_title":"Das goldene Kalb - Leben in Aix 5 - il\u00e8s \u00dcbersetzung","og_description":"In Nordafrika trafen wir jemanden, der acht Jahre in M\u00fcnchen gelebt hatte und passabel deutsch sprach. Wir fragten ihn, ob er Probleme hatte, sich einzuleben und akzeptiert zu werden. Er verneinte und erz\u00e4hlte, dass er relativ schnell rausgefunden hatte, dass es zwei Dinge gibt, die Ausl\u00e4nder in Deutschland tun m\u00fcssen, um klar zu kommen: vern\u00fcnftig&hellip;","og_url":"https:\/\/ilestranslation.com\/de\/the-golden-calf-living-in-aix-5\/","og_site_name":"il\u00e8s \u00dcbersetzung","article_publisher":"https:\/\/web.facebook.com\/ilestunis\/","article_published_time":"2017-06-09T07:39:08+00:00","article_modified_time":"2019-01-23T11:07:47+00:00","og_image":[{"width":1000,"height":662,"url":"https:\/\/ilestranslation.com\/de\/wp-content\/uploads\/sites\/6\/2015\/05\/girl-647426_1920.jpg","type":"image\/jpeg"}],"author":"Arne","twitter_card":"summary_large_image","twitter_misc":{"Verfasst von":"Arne","Gesch\u00e4tzte Lesezeit":"2\u00a0Minuten"},"schema":{"@context":"https:\/\/schema.org","@graph":[{"@type":"Article","@id":"https:\/\/ilestranslation.com\/de\/the-golden-calf-living-in-aix-5\/#article","isPartOf":{"@id":"https:\/\/ilestranslation.com\/de\/the-golden-calf-living-in-aix-5\/"},"author":{"name":"Arne","@id":"https:\/\/ilestranslation.com\/de\/#\/schema\/person\/4d843af606486c82c0b8e341a1dcc00d"},"headline":"Das goldene Kalb &#8211; Leben in Aix 5","datePublished":"2017-06-09T07:39:08+00:00","dateModified":"2019-01-23T11:07:47+00:00","mainEntityOfPage":{"@id":"https:\/\/ilestranslation.com\/de\/the-golden-calf-living-in-aix-5\/"},"wordCount":428,"commentCount":0,"publisher":{"@id":"https:\/\/ilestranslation.com\/de\/#organization"},"image":{"@id":"https:\/\/ilestranslation.com\/de\/the-golden-calf-living-in-aix-5\/#primaryimage"},"thumbnailUrl":"https:\/\/ilestranslation.com\/de\/wp-content\/uploads\/sites\/6\/2015\/05\/girl-647426_1920.jpg","keywords":["Evaluation","Franz\u00f6sisch","Leben in Aix-en-Provence","Schreiben","sozio-kulturell"],"articleSection":["Aix","Kulturelle Anpassung"],"inLanguage":"de","potentialAction":[{"@type":"CommentAction","name":"Comment","target":["https:\/\/ilestranslation.com\/de\/the-golden-calf-living-in-aix-5\/#respond"]}]},{"@type":"WebPage","@id":"https:\/\/ilestranslation.com\/de\/the-golden-calf-living-in-aix-5\/","url":"https:\/\/ilestranslation.com\/de\/the-golden-calf-living-in-aix-5\/","name":"Das goldene Kalb - Leben in Aix 5 - il\u00e8s \u00dcbersetzung","isPartOf":{"@id":"https:\/\/ilestranslation.com\/de\/#website"},"primaryImageOfPage":{"@id":"https:\/\/ilestranslation.com\/de\/the-golden-calf-living-in-aix-5\/#primaryimage"},"image":{"@id":"https:\/\/ilestranslation.com\/de\/the-golden-calf-living-in-aix-5\/#primaryimage"},"thumbnailUrl":"https:\/\/ilestranslation.com\/de\/wp-content\/uploads\/sites\/6\/2015\/05\/girl-647426_1920.jpg","datePublished":"2017-06-09T07:39:08+00:00","dateModified":"2019-01-23T11:07:47+00:00","breadcrumb":{"@id":"https:\/\/ilestranslation.com\/de\/the-golden-calf-living-in-aix-5\/#breadcrumb"},"inLanguage":"de","potentialAction":[{"@type":"ReadAction","target":["https:\/\/ilestranslation.com\/de\/the-golden-calf-living-in-aix-5\/"]}]},{"@type":"ImageObject","inLanguage":"de","@id":"https:\/\/ilestranslation.com\/de\/the-golden-calf-living-in-aix-5\/#primaryimage","url":"https:\/\/ilestranslation.com\/de\/wp-content\/uploads\/sites\/6\/2015\/05\/girl-647426_1920.jpg","contentUrl":"https:\/\/ilestranslation.com\/de\/wp-content\/uploads\/sites\/6\/2015\/05\/girl-647426_1920.jpg","width":1000,"height":662},{"@type":"BreadcrumbList","@id":"https:\/\/ilestranslation.com\/de\/the-golden-calf-living-in-aix-5\/#breadcrumb","itemListElement":[{"@type":"ListItem","position":1,"name":"Startseite","item":"https:\/\/ilestranslation.com\/de\/"},{"@type":"ListItem","position":2,"name":"Das goldene Kalb &#8211; Leben in Aix 5"}]},{"@type":"WebSite","@id":"https:\/\/ilestranslation.com\/de\/#website","url":"https:\/\/ilestranslation.com\/de\/","name":"il\u00e8s Tunis (deutsch)","description":"","publisher":{"@id":"https:\/\/ilestranslation.com\/de\/#organization"},"potentialAction":[{"@type":"SearchAction","target":{"@type":"EntryPoint","urlTemplate":"https:\/\/ilestranslation.com\/de\/?s={search_term_string}"},"query-input":{"@type":"PropertyValueSpecification","valueRequired":true,"valueName":"search_term_string"}}],"inLanguage":"de"},{"@type":"Organization","@id":"https:\/\/ilestranslation.com\/de\/#organization","name":"il\u00e8s Tunis","url":"https:\/\/ilestranslation.com\/de\/","logo":{"@type":"ImageObject","inLanguage":"de","@id":"https:\/\/ilestranslation.com\/de\/#\/schema\/logo\/image\/","url":"https:\/\/ilestranslation.com\/de\/wp-content\/uploads\/sites\/6\/2018\/11\/Iles-I-100x34.jpg","contentUrl":"https:\/\/ilestranslation.com\/de\/wp-content\/uploads\/sites\/6\/2018\/11\/Iles-I-100x34.jpg","width":101,"height":34,"caption":"il\u00e8s Tunis"},"image":{"@id":"https:\/\/ilestranslation.com\/de\/#\/schema\/logo\/image\/"},"sameAs":["https:\/\/web.facebook.com\/ilestunis\/","https:\/\/www.linkedin.com\/company\/ilestunis\/"]},{"@type":"Person","@id":"https:\/\/ilestranslation.com\/de\/#\/schema\/person\/4d843af606486c82c0b8e341a1dcc00d","name":"Arne","image":{"@type":"ImageObject","inLanguage":"de","@id":"https:\/\/secure.gravatar.com\/avatar\/12fcc44a901c49395ad6d8407b96e58538fbf9cd07c883eb001419eaf2cc6cc4?s=96&d=mm&r=g","url":"https:\/\/secure.gravatar.com\/avatar\/12fcc44a901c49395ad6d8407b96e58538fbf9cd07c883eb001419eaf2cc6cc4?s=96&d=mm&r=g","contentUrl":"https:\/\/secure.gravatar.com\/avatar\/12fcc44a901c49395ad6d8407b96e58538fbf9cd07c883eb001419eaf2cc6cc4?s=96&d=mm&r=g","caption":"Arne"},"url":"https:\/\/ilestranslation.com\/de\/author\/arneauthor\/"}]}},"_links":{"self":[{"href":"https:\/\/ilestranslation.com\/de\/wp-json\/wp\/v2\/posts\/429","targetHints":{"allow":["GET"]}}],"collection":[{"href":"https:\/\/ilestranslation.com\/de\/wp-json\/wp\/v2\/posts"}],"about":[{"href":"https:\/\/ilestranslation.com\/de\/wp-json\/wp\/v2\/types\/post"}],"author":[{"embeddable":true,"href":"https:\/\/ilestranslation.com\/de\/wp-json\/wp\/v2\/users\/2"}],"replies":[{"embeddable":true,"href":"https:\/\/ilestranslation.com\/de\/wp-json\/wp\/v2\/comments?post=429"}],"version-history":[{"count":1,"href":"https:\/\/ilestranslation.com\/de\/wp-json\/wp\/v2\/posts\/429\/revisions"}],"predecessor-version":[{"id":2911,"href":"https:\/\/ilestranslation.com\/de\/wp-json\/wp\/v2\/posts\/429\/revisions\/2911"}],"wp:featuredmedia":[{"embeddable":true,"href":"https:\/\/ilestranslation.com\/de\/wp-json\/wp\/v2\/media\/1293"}],"wp:attachment":[{"href":"https:\/\/ilestranslation.com\/de\/wp-json\/wp\/v2\/media?parent=429"}],"wp:term":[{"taxonomy":"category","embeddable":true,"href":"https:\/\/ilestranslation.com\/de\/wp-json\/wp\/v2\/categories?post=429"},{"taxonomy":"post_tag","embeddable":true,"href":"https:\/\/ilestranslation.com\/de\/wp-json\/wp\/v2\/tags?post=429"}],"curies":[{"name":"wp","href":"https:\/\/api.w.org\/{rel}","templated":true}]}}